{"id":1,"date":"2025-04-09T12:17:31","date_gmt":"2025-04-09T10:17:31","guid":{"rendered":"http:\/\/cofidef.fr\/?p=1"},"modified":"2025-04-23T19:24:51","modified_gmt":"2025-04-23T17:24:51","slug":"cofergie-chypre","status":"publish","type":"post","link":"https:\/\/cofidef.fr\/index.php\/2025\/04\/09\/cofergie-chypre\/","title":{"rendered":"Cofergie Chypre"},"content":{"rendered":"\n<p>Fruit d\u2019une alliance avec des d\u00e9veloppeurs-investisseurs locaux (Joint-Venture), COFERGIE Chypre voit le jour en 2025. Un accord ambitieux est sign\u00e9 avec l\u2019\u00c9tat Chypriote (soutenu par l\u2019Union Europ\u00e9enne) pour le d\u00e9veloppement de 185 MW de capacit\u00e9 solaire, r\u00e9partis de mani\u00e8re strat\u00e9gique sur cinq sites s\u00e9curis\u00e9s.<\/p>\n\n\n\n<p>Forte de son exp\u00e9rience africaine, COFIDEF apporte son expertise pour permettre \u00e0 cette Joint-Venture de concr\u00e9tiser cet objectif majeur au sein de l\u2019UE. Les partenaires chypriotes ont souhait\u00e9 s\u2019appuyer sur ce savoir-faire \u00e9prouv\u00e9 pour \u00e9riger un projet exemplaire, potentiellement reproductible dans des r\u00e9gions hors UE avec lesquelles Chypre entretient des liens privil\u00e9gi\u00e9s.<\/p>\n\n\n\n<p>L\u2019Institut Cofergie est pleinement int\u00e9gr\u00e9 \u00e0 cet accord, soulignant notre engagement envers le partage de comp\u00e9tences et le d\u00e9veloppement d\u2019un \u00e9cosyst\u00e8me solaire durable.<\/p>\n\n\n\n<p>Cette initiative t\u00e9moigne de notre expertise et de notre capacit\u00e9 \u00e0 adapter nos solutions aux contextes \u00e9nerg\u00e9tiques vari\u00e9s. Nous sommes enthousiastes \u00e0 l\u2019id\u00e9e de contribuer \u00e0 la transition \u00e9nerg\u00e9tique de Chypre en y apportant notre savoir-faire en mati\u00e8re de d\u00e9veloppement de projets solaires de grande envergure.<\/p>\n","protected":false},"excerpt":{"rendered":"<p>Fruit d\u2019une alliance avec des d\u00e9veloppeurs-investisseurs locaux (Joint-Venture), COFERGIE Chypre voit le jour en 2025. Un accord ambitieux est sign\u00e9 avec l\u2019\u00c9tat Chypriote (soutenu par l\u2019Union Europ\u00e9enne) pour le d\u00e9veloppement de 185 MW de capacit\u00e9 solaire, r\u00e9partis de mani\u00e8re strat\u00e9gique sur cinq sites s\u00e9curis\u00e9s. Forte de son exp\u00e9rience africaine, COFIDEF apporte son expertise pour permettre [&hellip;]<\/p>\n","protected":false},"author":1,"featured_media":92,"comment_status":"open","ping_status":"open","sticky":false,"template":"","format":"standard","meta":{"footnotes":""},"categories":[5],"tags":[],"class_list":["post-1","post","type-post","status-publish","format-standard","has-post-thumbnail","hentry","category-actu"],"_links":{"self":[{"href":"https:\/\/cofidef.fr\/index.php\/wp-json\/wp\/v2\/posts\/1","targetHints":{"allow":["GET"]}}],"collection":[{"href":"https:\/\/cofidef.fr\/index.php\/wp-json\/wp\/v2\/posts"}],"about":[{"href":"https:\/\/cofidef.fr\/index.php\/wp-json\/wp\/v2\/types\/post"}],"author":[{"embeddable":true,"href":"https:\/\/cofidef.fr\/index.php\/wp-json\/wp\/v2\/users\/1"}],"replies":[{"embeddable":true,"href":"https:\/\/cofidef.fr\/index.php\/wp-json\/wp\/v2\/comments?post=1"}],"version-history":[{"count":2,"href":"https:\/\/cofidef.fr\/index.php\/wp-json\/wp\/v2\/posts\/1\/revisions"}],"predecessor-version":[{"id":222,"href":"https:\/\/cofidef.fr\/index.php\/wp-json\/wp\/v2\/posts\/1\/revisions\/222"}],"wp:featuredmedia":[{"embeddable":true,"href":"https:\/\/cofidef.fr\/index.php\/wp-json\/wp\/v2\/media\/92"}],"wp:attachment":[{"href":"https:\/\/cofidef.fr\/index.php\/wp-json\/wp\/v2\/media?parent=1"}],"wp:term":[{"taxonomy":"category","embeddable":true,"href":"https:\/\/cofidef.fr\/index.php\/wp-json\/wp\/v2\/categories?post=1"},{"taxonomy":"post_tag","embeddable":true,"href":"https:\/\/cofidef.fr\/index.php\/wp-json\/wp\/v2\/tags?post=1"}],"curies":[{"name":"wp","href":"https:\/\/api.w.org\/{rel}","templated":true}]}}